{"id":689,"date":"2026-07-24T10:57:40","date_gmt":"2026-07-24T08:57:40","guid":{"rendered":"https:\/\/nl-psicologia.com\/?p=689"},"modified":"2026-08-06T15:22:25","modified_gmt":"2026-08-06T13:22:25","slug":"por-que-en-vacaciones-me-siento-peor-que-cuando-trabajo-lo-que-hay-detras-del-malestar-al-descansar","status":"publish","type":"post","link":"https:\/\/nl-psicologia.com\/index.php\/2026\/07\/24\/por-que-en-vacaciones-me-siento-peor-que-cuando-trabajo-lo-que-hay-detras-del-malestar-al-descansar\/","title":{"rendered":"\u00bfPor qu\u00e9 en vacaciones me siento peor que cuando trabajo? Lo que hay detr\u00e1s del malestar al descansar"},"content":{"rendered":"\n<h1 class=\"wp-block-heading has-xxx-large-font-size\">\u00bfPor qu\u00e9 en vacaciones me siento peor? Cuando el descanso saca a la luz el estr\u00e9s acumulado<\/h1>\n\n\n\n<p class=\"wp-block-paragraph\">Esperabas con ganas las vacaciones. Pensabas que, al dejar atr\u00e1s el trabajo y las obligaciones, por fin podr\u00edas descansar. Sin embargo, los primeros d\u00edas aparecen la ansiedad, la tristeza o una sensaci\u00f3n de vac\u00edo que no esperabas. Si te ha ocurrido, no est\u00e1s solo. Es una experiencia m\u00e1s frecuente de lo que parece.<\/p>\n\n\n\n<p class=\"wp-block-paragraph\">Las vacaciones suelen asociarse con descanso, desconexi\u00f3n y bienestar. Despu\u00e9s de meses de trabajo, responsabilidades y un ritmo acelerado, muchas personas esperan con ilusi\u00f3n esos d\u00edas en los que, por fin, podr\u00e1n relajarse. Sin embargo, no siempre ocurre as\u00ed.<\/p>\n\n\n\n<p class=\"wp-block-paragraph\">A veces sucede justo lo contrario. Cuando llegan las vacaciones aparecen la ansiedad, la tristeza, el cansancio extremo o una sensaci\u00f3n de vac\u00edo dif\u00edcil de explicar. Esto puede resultar desconcertante e incluso generar culpa: <em>\u00ab\u00bfC\u00f3mo es posible que me encuentre peor justo ahora que deber\u00eda estar disfrutando?\u00bb<\/em><\/p>\n\n\n\n<figure class=\"wp-block-image aligncenter size-full has-custom-border\"><img loading=\"lazy\" decoding=\"async\" width=\"617\" height=\"397\" src=\"https:\/\/nl-psicologia.com\/wp-content\/uploads\/2026\/07\/Captura-de-Pantalla-2026-07-24-a-las-11.07.12.png\" alt=\"\" class=\"wp-image-693\" style=\"border-top-left-radius:20px;border-top-right-radius:20px;border-bottom-left-radius:20px;border-bottom-right-radius:20px\" srcset=\"https:\/\/nl-psicologia.com\/wp-content\/uploads\/2026\/07\/Captura-de-Pantalla-2026-07-24-a-las-11.07.12.png 617w, https:\/\/nl-psicologia.com\/wp-content\/uploads\/2026\/07\/Captura-de-Pantalla-2026-07-24-a-las-11.07.12-300x193.png 300w\" sizes=\"auto, (max-width: 617px) 100vw, 617px\" \/><\/figure>\n\n\n\n<p class=\"wp-block-paragraph\"><\/p>\n\n\n\n<h2 class=\"wp-block-heading has-xx-large-font-size\">Vivimos gran parte del a\u00f1o en \u00abpiloto autom\u00e1tico\u00bb<\/h2>\n\n\n\n<p class=\"wp-block-paragraph\">Durante meses nuestro d\u00eda a d\u00eda est\u00e1 lleno de obligaciones: el trabajo, los estudios, la familia, las tareas de casa, los horarios y las preocupaciones. Sin apenas darnos cuenta, entramos en una especie de \u00abpiloto autom\u00e1tico\u00bb que nos permite seguir adelante, aunque estemos cansados o emocionalmente sobrecargados.<\/p>\n\n\n\n<p class=\"wp-block-paragraph\">En ese modo de funcionamiento, la mente prioriza resolver lo urgente. Hay poco espacio para detenerse y preguntarse c\u00f3mo nos sentimos realmente.<\/p>\n\n\n\n<p class=\"wp-block-paragraph\">Es como si nuestro cerebro dijera: <em>\u00abAhora no toca. Ya lo atenderemos cuando haya tiempo.\u00bb<\/em><\/p>\n\n\n\n<p class=\"wp-block-paragraph\">Y ese tiempo suele llegar cuando las obligaciones desaparecen.<\/p>\n\n\n\n<h2 class=\"wp-block-heading has-xx-large-font-size\">Cuando el cuerpo deja de correr, las emociones encuentran espacio<\/h2>\n\n\n\n<p class=\"wp-block-paragraph\">Muchas personas creen que el estr\u00e9s desaparece en cuanto empiezan las vacaciones. Sin embargo, el cuerpo y la mente no funcionan como un interruptor que podamos apagar de un d\u00eda para otro.<\/p>\n\n\n\n<p class=\"wp-block-paragraph\">Despu\u00e9s de semanas o incluso meses manteniendo un alto nivel de exigencia, el sistema nervioso necesita tiempo para adaptarse. Cuando el ritmo disminuye, pueden aparecer emociones que hasta ese momento hab\u00edan permanecido en segundo plano.<\/p>\n\n\n\n<p class=\"wp-block-paragraph\">Es habitual notar:<\/p>\n\n\n\n<ul class=\"wp-block-list\">\n<li>M\u00e1s ansiedad o sensaci\u00f3n de inquietud.<\/li>\n\n\n\n<li>Tristeza sin una causa aparente.<\/li>\n\n\n\n<li>Irritabilidad o cambios de humor.<\/li>\n\n\n\n<li>Dificultad para relajarse.<\/li>\n\n\n\n<li>Cansancio intenso.<\/li>\n\n\n\n<li>Sensaci\u00f3n de vac\u00edo o de no saber qu\u00e9 hacer con el tiempo libre.<\/li>\n<\/ul>\n\n\n\n<p class=\"wp-block-paragraph\">No significa que las vacaciones te est\u00e9n haciendo da\u00f1o. En muchas ocasiones significa simplemente que, por fin, tu mente tiene espacio para escuchar aquello que llevaba demasiado tiempo silenciando.<\/p>\n\n\n\n<h2 class=\"wp-block-heading has-xx-large-font-size\">El descanso f\u00edsico no siempre implica descanso emocional<\/h2>\n\n\n\n<p class=\"wp-block-paragraph\">Dormir m\u00e1s horas, viajar o desconectar del trabajo puede ser muy beneficioso. Sin embargo, cuando el malestar tiene un origen m\u00e1s profundo, unos d\u00edas de descanso no suelen ser suficientes para resolverlo.<\/p>\n\n\n\n<p class=\"wp-block-paragraph\">Si llevas meses acumulando estr\u00e9s, preocupaciones constantes, dificultades en tus relaciones o una ansiedad que has ido normalizando, las vacaciones pueden aliviar el cansancio f\u00edsico, pero no siempre solucionan aquello que est\u00e1 provocando el sufrimiento.<\/p>\n\n\n\n<p class=\"wp-block-paragraph\">Por eso algunas personas vuelven de vacaciones sinti\u00e9ndose pr\u00e1cticamente igual que antes o incluso m\u00e1s frustradas al comprobar que el descanso no ha sido la soluci\u00f3n que esperaban.<\/p>\n\n\n\n<h2 class=\"wp-block-heading has-xx-large-font-size\">Las expectativas tambi\u00e9n pueden jugar en nuestra contra<\/h2>\n\n\n\n<p class=\"wp-block-paragraph\">Las vacaciones suelen ir acompa\u00f1adas de una idea muy concreta sobre c\u00f3mo \u00abdeber\u00edan\u00bb ser.<\/p>\n\n\n\n<p class=\"wp-block-paragraph\">Esperamos desconectar por completo, estar felices, aprovechar cada d\u00eda, hacer planes inolvidables y volver con las pilas cargadas.<\/p>\n\n\n\n<p class=\"wp-block-paragraph\">Pero la realidad rara vez es perfecta.<\/p>\n\n\n\n<p class=\"wp-block-paragraph\">Cuando las expectativas son demasiado altas, cualquier emoci\u00f3n desagradable puede hacernos pensar que estamos haciendo algo mal. Aparecen pensamientos como:<\/p>\n\n\n\n<ul class=\"wp-block-list\">\n<li>\u00abDeber\u00eda estar disfrutando m\u00e1s.\u00bb<\/li>\n\n\n\n<li>\u00abTodo el mundo parece feliz menos yo.\u00bb<\/li>\n\n\n\n<li>\u00abNo entiendo por qu\u00e9 sigo sinti\u00e9ndome as\u00ed.\u00bb<\/li>\n<\/ul>\n\n\n\n<p class=\"wp-block-paragraph\">Y esa lucha contra nuestras propias emociones termina aumentando a\u00fan m\u00e1s el malestar.<\/p>\n\n\n\n<h2 class=\"wp-block-heading has-xx-large-font-size\">Escuchar lo que aparece tambi\u00e9n forma parte del autocuidado<\/h2>\n\n\n\n<p class=\"wp-block-paragraph\">Aunque resulte inc\u00f3modo, las vacaciones pueden convertirse en una oportunidad para conocernos mejor.<\/p>\n\n\n\n<p class=\"wp-block-paragraph\">Cuando dejamos de vivir con tanta prisa, es m\u00e1s f\u00e1cil identificar necesidades que durante el resto del a\u00f1o pasan desapercibidas.<\/p>\n\n\n\n<p class=\"wp-block-paragraph\">Quiz\u00e1 descubras que llevas demasiado tiempo priorizando a los dem\u00e1s, que el trabajo te est\u00e1 agotando, que has normalizado un nivel de ansiedad muy elevado o que hay situaciones personales que necesitan ser atendidas.<\/p>\n\n\n\n<p class=\"wp-block-paragraph\">Escuchar todo esto no significa recrearse en el malestar, sino comprender qu\u00e9 necesita realmente nuestro bienestar.<\/p>\n\n\n\n<h2 class=\"wp-block-heading has-xx-large-font-size\">\u00bfCu\u00e1ndo conviene pedir ayuda psicol\u00f3gica?<\/h2>\n\n\n\n<p class=\"wp-block-paragraph\">Sentirse algo m\u00e1s sensible durante unos d\u00edas puede ser completamente normal. Sin embargo, si el malestar es intenso o se mantiene en el tiempo, puede ser recomendable consultar con un profesional.<\/p>\n\n\n\n<p class=\"wp-block-paragraph\">Algunas se\u00f1ales de alerta son:<\/p>\n\n\n\n<ul class=\"wp-block-list\">\n<li>La ansiedad aparece de forma constante.<\/li>\n\n\n\n<li>No consigues disfrutar de actividades que antes te gustaban.<\/li>\n\n\n\n<li>El insomnio o el cansancio persisten.<\/li>\n\n\n\n<li>Sientes una tristeza que no mejora.<\/li>\n\n\n\n<li>Los s\u00edntomas f\u00edsicos, como tensi\u00f3n muscular, problemas digestivos o palpitaciones, son frecuentes.<\/li>\n\n\n\n<li>El trabajo, las relaciones o tu d\u00eda a d\u00eda empiezan a verse afectados.<\/li>\n<\/ul>\n\n\n\n<p class=\"wp-block-paragraph\">Buscar ayuda no significa que seas una persona d\u00e9bil. Significa que est\u00e1s prestando atenci\u00f3n a lo que tu mente lleva tiempo intentando comunicarte.<\/p>\n\n\n\n<h2 class=\"wp-block-heading has-xx-large-font-size\">\u00bfQu\u00e9 puedes hacer si te ocurre?<\/h2>\n\n\n\n<p class=\"wp-block-paragraph\">No existe una soluci\u00f3n \u00fanica, pero s\u00ed algunas estrategias que pueden ayudarte:<\/p>\n\n\n\n<ul class=\"wp-block-list\">\n<li>Reduce la presi\u00f3n por tener unas vacaciones perfectas.<\/li>\n\n\n\n<li>Mant\u00e9n una rutina flexible que incluya descanso y actividades agradables.<\/li>\n\n\n\n<li>Respeta tus tiempos y evita llenar cada d\u00eda de planes.<\/li>\n\n\n\n<li>Intenta mantener h\u00e1bitos de sue\u00f1o y alimentaci\u00f3n estables.<\/li>\n\n\n\n<li>Comparte c\u00f3mo te sientes con personas de confianza.<\/li>\n\n\n\n<li>Si el malestar persiste, busca apoyo psicol\u00f3gico para comprender qu\u00e9 hay detr\u00e1s de esas emociones.<\/li>\n<\/ul>\n\n\n\n<h2 class=\"wp-block-heading has-xx-large-font-size\">Preguntas frecuentes<\/h2>\n\n\n\n<h3 class=\"wp-block-heading has-x-large-font-size\">\u00bfEs normal sentir ansiedad durante las vacaciones?<\/h3>\n\n\n\n<p class=\"wp-block-paragraph\">S\u00ed. Muchas personas experimentan ansiedad cuando disminuyen las obligaciones diarias. Al reducir el ritmo, pueden aparecer emociones y preocupaciones que hab\u00edan permanecido en segundo plano durante meses.<\/p>\n\n\n\n<h3 class=\"wp-block-heading has-x-large-font-size\">\u00bfPor qu\u00e9 me siento triste cuando por fin puedo descansar?<\/h3>\n\n\n\n<p class=\"wp-block-paragraph\">El descanso f\u00edsico no siempre implica descanso emocional. Si has acumulado estr\u00e9s, preocupaciones o agotamiento durante mucho tiempo, es posible que la tristeza aparezca precisamente cuando tu mente encuentra el espacio para procesar todo lo vivido.<\/p>\n\n\n\n<h3 class=\"wp-block-heading has-x-large-font-size\">\u00bfLas vacaciones curan el estr\u00e9s o el burnout?<\/h3>\n\n\n\n<p class=\"wp-block-paragraph\">Las vacaciones ayudan a recuperar energ\u00eda y a desconectar temporalmente, pero cuando existe un estr\u00e9s cr\u00f3nico o un burnout, unos d\u00edas de descanso suelen ser insuficientes para resolver el problema de fondo.<\/p>\n\n\n\n<h3 class=\"wp-block-heading has-x-large-font-size\">\u00bfCu\u00e1ndo deber\u00eda acudir a un psic\u00f3logo?<\/h3>\n\n\n\n<p class=\"wp-block-paragraph\">Si la ansiedad, la tristeza o el agotamiento persisten m\u00e1s all\u00e1 de las vacaciones, interfieren en tu vida diaria o afectan a tu bienestar, puede ser un buen momento para buscar ayuda psicol\u00f3gica y comprender qu\u00e9 est\u00e1 ocurriendo.<\/p>\n\n\n\n<h2 class=\"wp-block-heading has-xx-large-font-size\">Las vacaciones no tienen que ser perfectas<\/h2>\n\n\n\n<p class=\"wp-block-paragraph\">Sentirte peor durante las vacaciones puede resultar desconcertante, pero no significa que haya algo malo en ti.<\/p>\n\n\n\n<p class=\"wp-block-paragraph\">En muchas ocasiones, simplemente ocurre que el ruido del d\u00eda a d\u00eda desaparece y, por primera vez en mucho tiempo, podemos escuchar aquello que necesitaba ser atendido.<\/p>\n\n\n\n<p class=\"wp-block-paragraph\">Las vacaciones pueden ser un momento para descansar, pero tambi\u00e9n para mirar hacia dentro con m\u00e1s calma y preguntarnos qu\u00e9 necesitamos realmente para sentirnos bien, no solo durante unos d\u00edas, sino a lo largo de todo el a\u00f1o.<\/p>\n\n\n\n<p class=\"wp-block-paragraph\">En <strong>NL Psicolog\u00eda<\/strong>, centro de Psicolog\u00eda en Albacete, acompa\u00f1amos a personas que conviven con ansiedad, estr\u00e9s, burnout, dificultades emocionales o experiencias traum\u00e1ticas. Si sientes que el malestar est\u00e1 interfiriendo en tu bienestar, pedir ayuda puede ser el primer paso para comprender lo que te ocurre y empezar a cuidarte de una forma diferente.<\/p>\n","protected":false},"excerpt":{"rendered":"<p>\u00bfPor qu\u00e9 en vacaciones me siento peor? Cuando el descanso saca a la luz el estr\u00e9s acumulado Esperabas con ganas las vacaciones. Pensabas que, al dejar atr\u00e1s el trabajo y las obligaciones, por fin podr\u00edas descansar. Sin embargo, los primeros d\u00edas aparecen la ansiedad, la tristeza o una sensaci\u00f3n de vac\u00edo que no esperabas. Si [&hellip;]<\/p>\n","protected":false},"author":2,"featured_media":0,"comment_status":"open","ping_status":"open","sticky":false,"template":"","format":"standard","meta":{"footnotes":""},"categories":[5],"tags":[],"class_list":["post-689","post","type-post","status-publish","format-standard","hentry","category-blog"],"_links":{"self":[{"href":"https:\/\/nl-psicologia.com\/index.php\/wp-json\/wp\/v2\/posts\/689","targetHints":{"allow":["GET"]}}],"collection":[{"href":"https:\/\/nl-psicologia.com\/index.php\/wp-json\/wp\/v2\/posts"}],"about":[{"href":"https:\/\/nl-psicologia.com\/index.php\/wp-json\/wp\/v2\/types\/post"}],"author":[{"embeddable":true,"href":"https:\/\/nl-psicologia.com\/index.php\/wp-json\/wp\/v2\/users\/2"}],"replies":[{"embeddable":true,"href":"https:\/\/nl-psicologia.com\/index.php\/wp-json\/wp\/v2\/comments?post=689"}],"version-history":[{"count":5,"href":"https:\/\/nl-psicologia.com\/index.php\/wp-json\/wp\/v2\/posts\/689\/revisions"}],"predecessor-version":[{"id":697,"href":"https:\/\/nl-psicologia.com\/index.php\/wp-json\/wp\/v2\/posts\/689\/revisions\/697"}],"wp:attachment":[{"href":"https:\/\/nl-psicologia.com\/index.php\/wp-json\/wp\/v2\/media?parent=689"}],"wp:term":[{"taxonomy":"category","embeddable":true,"href":"https:\/\/nl-psicologia.com\/index.php\/wp-json\/wp\/v2\/categories?post=689"},{"taxonomy":"post_tag","embeddable":true,"href":"https:\/\/nl-psicologia.com\/index.php\/wp-json\/wp\/v2\/tags?post=689"}],"curies":[{"name":"wp","href":"https:\/\/api.w.org\/{rel}","templated":true}]}}